{"id":588,"date":"2026-01-24T21:44:50","date_gmt":"2026-01-24T18:44:50","guid":{"rendered":"https:\/\/talhacamas.com.tr\/?p=588"},"modified":"2026-01-24T22:22:51","modified_gmt":"2026-01-24T19:22:51","slug":"imza1","status":"publish","type":"post","link":"https:\/\/talhacamas.com.tr\/en\/2026\/01\/24\/imza1\/","title":{"rendered":"\u0130mza G\u00fcn\u00fc: Dar\u00fc\u015fafaka"},"content":{"rendered":"<p>24 Ocak 2026 \/ Edit\u00f6r<br><br>Talha \u00c7ama\u015f. son kitab\u0131 PUSULA&#8217;n\u0131n ikinci imza g\u00fcn\u00fc etkinli\u011fini halen, Y\u00fcksek Dan\u0131\u015fma Kurulu Ba\u015fkanl\u0131\u011f\u0131n\u0131 da yapt\u0131\u011f\u0131 DAR\u00dc\u015eAFAKA CEM\u0130YET\u0130&#8217;nin MASLAK&#8217;taki merkez yerle\u015fkesinde ger\u00e7ekle\u015ftirdi. <\/p>\n\n\n\n<p><\/p>\n\n\n\n<figure class=\"wp-block-image size-large\"><img loading=\"lazy\" decoding=\"async\" width=\"1030\" height=\"773\" src=\"https:\/\/talhacamas.com.tr\/wp-content\/uploads\/2026\/01\/Darussafaka1-1030x773.jpeg\" alt=\"\" class=\"wp-image-591\" srcset=\"https:\/\/talhacamas.com.tr\/wp-content\/uploads\/2026\/01\/Darussafaka1-1030x773.jpeg 1030w, https:\/\/talhacamas.com.tr\/wp-content\/uploads\/2026\/01\/Darussafaka1-300x225.jpeg 300w, https:\/\/talhacamas.com.tr\/wp-content\/uploads\/2026\/01\/Darussafaka1-768x576.jpeg 768w, https:\/\/talhacamas.com.tr\/wp-content\/uploads\/2026\/01\/Darussafaka1-1536x1152.jpeg 1536w, https:\/\/talhacamas.com.tr\/wp-content\/uploads\/2026\/01\/Darussafaka1-16x12.jpeg 16w, https:\/\/talhacamas.com.tr\/wp-content\/uploads\/2026\/01\/Darussafaka1-1500x1125.jpeg 1500w, https:\/\/talhacamas.com.tr\/wp-content\/uploads\/2026\/01\/Darussafaka1-705x529.jpeg 705w, https:\/\/talhacamas.com.tr\/wp-content\/uploads\/2026\/01\/Darussafaka1.jpeg 1600w\" sizes=\"auto, (max-width: 1030px) 100vw, 1030px\" \/><\/figure>\n\n\n\n<p><br><br>Dar\u00fc\u015f\u015fafakal\u0131lar\u0131n kat\u0131ld\u0131\u011f\u0131, s\u0131cak ve samimi bir atmosferde, g\u00fczel bir sohbet havas\u0131da ge\u00e7en etkinlikte Talha \u00c7ama\u015f kitaplar\u0131n\u0131 imzalayarak her bir kat\u0131l\u0131mc\u0131ye tek tek te\u015fekk\u00fcr etti.<br><\/p>\n\n\n\n<p><br><br>Nas\u0131l bir bulu\u015fma oldu, etkinli\u011fe kat\u0131lanlar neler hissetti?<br>Gelin duygular\u0131n\u0131 sosyal medya hesab\u0131nda payla\u015fan bir Dar\u00fc\u015f\u015fafakal\u0131n\u0131n kaleminden okuyal\u0131m;<br><br><em>&#8220;De\u011ferli Dar\u00fc\u015f\u015fafakal\u0131lar iyi ak\u015famlar.<br>Normal \u015fartlarda web sitemize &#8216;haber dili&#8217; ile bug\u00fcn\u00fc anlatmak i\u00e7in bir yaz\u0131\u00a0yaz\u0131yor olsak san\u0131r\u0131m haberimize \u201cDar\u00fc\u015f\u015fafakal\u0131lar Derne\u011fi\u2019nde Talha \u00c7ama\u015f R\u00fczgar\u0131\u201d vb. bir ba\u015fl\u0131k atard\u0131k. <br>Eskisi gibi bir bas\u0131l\u0131 bir b\u00fclten \u00e7\u0131kar\u0131yor olsa idik, man\u015fetten b\u00fcy\u00fck puntolarla verirdik bug\u00fcn\u00fcn haberini muhtemelen. <br>Talha \u00c7ama\u015f (D\u015e\u201969), camiam\u0131z\u0131n de\u011ferli ba\u015fkan\u0131, derne\u011fimizde tad\u0131 dama\u011f\u0131m\u0131zda kalan m\u00fcthi\u015f bir etkinlik yapt\u0131 bug\u00fcn. \u00d6ncelikle Talha abimize, turizm sekt\u00f6r\u00fcnden etkinli\u011fimize kat\u0131lan Dar\u00fc\u015f\u015fafaka sevdal\u0131lar\u0131na, Havva K\u0131z\u0131l\u2019a (D\u015e\u201996), Teoman Bitiren ba\u015fta olmak \u00fczere 1969 mezunu b\u00fct\u00fcn a\u011fabeylerimize ve b\u00fct\u00fcn gelenlere, kat\u0131l\u0131mlar\u0131, enerjileri, co\u015fkular\u0131 ve ortam\u0131m\u0131za katt\u0131klar\u0131 i\u00e7in ne kadar te\u015fekk\u00fcr etsek az olur. <br>Her zaman s\u00f6yledi\u011fimiz gibi \u201cT\u00fcrkiye\u2019nin En B\u00fcy\u00fck Ailesi\u201dnin \u00fcyesi olman\u0131n gururunu hep beraber bir kez daha ya\u015fad\u0131k bug\u00fcn. <br>Herkese sevgiler, sayg\u0131lar\u2026&#8221;<\/em><\/p>\n\n\n\n<figure class=\"wp-block-image size-large\"><img loading=\"lazy\" decoding=\"async\" width=\"773\" height=\"1030\" src=\"https:\/\/talhacamas.com.tr\/wp-content\/uploads\/2026\/01\/darussafaka3-773x1030.jpeg\" alt=\"\" class=\"wp-image-593\" srcset=\"https:\/\/talhacamas.com.tr\/wp-content\/uploads\/2026\/01\/darussafaka3-773x1030.jpeg 773w, https:\/\/talhacamas.com.tr\/wp-content\/uploads\/2026\/01\/darussafaka3-225x300.jpeg 225w, https:\/\/talhacamas.com.tr\/wp-content\/uploads\/2026\/01\/darussafaka3-768x1024.jpeg 768w, https:\/\/talhacamas.com.tr\/wp-content\/uploads\/2026\/01\/darussafaka3-1152x1536.jpeg 1152w, https:\/\/talhacamas.com.tr\/wp-content\/uploads\/2026\/01\/darussafaka3-9x12.jpeg 9w, https:\/\/talhacamas.com.tr\/wp-content\/uploads\/2026\/01\/darussafaka3-1125x1500.jpeg 1125w, https:\/\/talhacamas.com.tr\/wp-content\/uploads\/2026\/01\/darussafaka3-529x705.jpeg 529w, https:\/\/talhacamas.com.tr\/wp-content\/uploads\/2026\/01\/darussafaka3.jpeg 1200w\" sizes=\"auto, (max-width: 773px) 100vw, 773px\" \/><\/figure>\n\n\n\n<figure class=\"wp-block-image size-large\"><img loading=\"lazy\" decoding=\"async\" width=\"773\" height=\"1030\" src=\"https:\/\/talhacamas.com.tr\/wp-content\/uploads\/2026\/01\/darussafaka2-773x1030.jpeg\" alt=\"\" class=\"wp-image-592\" srcset=\"https:\/\/talhacamas.com.tr\/wp-content\/uploads\/2026\/01\/darussafaka2-773x1030.jpeg 773w, https:\/\/talhacamas.com.tr\/wp-content\/uploads\/2026\/01\/darussafaka2-225x300.jpeg 225w, https:\/\/talhacamas.com.tr\/wp-content\/uploads\/2026\/01\/darussafaka2-768x1024.jpeg 768w, https:\/\/talhacamas.com.tr\/wp-content\/uploads\/2026\/01\/darussafaka2-1152x1536.jpeg 1152w, https:\/\/talhacamas.com.tr\/wp-content\/uploads\/2026\/01\/darussafaka2-9x12.jpeg 9w, https:\/\/talhacamas.com.tr\/wp-content\/uploads\/2026\/01\/darussafaka2-1125x1500.jpeg 1125w, https:\/\/talhacamas.com.tr\/wp-content\/uploads\/2026\/01\/darussafaka2-529x705.jpeg 529w, https:\/\/talhacamas.com.tr\/wp-content\/uploads\/2026\/01\/darussafaka2.jpeg 1200w\" sizes=\"auto, (max-width: 773px) 100vw, 773px\" \/><\/figure>\n\n\n\n<figure class=\"wp-block-image size-large\"><img loading=\"lazy\" decoding=\"async\" width=\"1030\" height=\"773\" src=\"https:\/\/talhacamas.com.tr\/wp-content\/uploads\/2026\/01\/darussafaka4-1030x773.jpeg\" alt=\"\" class=\"wp-image-594\" srcset=\"https:\/\/talhacamas.com.tr\/wp-content\/uploads\/2026\/01\/darussafaka4-1030x773.jpeg 1030w, https:\/\/talhacamas.com.tr\/wp-content\/uploads\/2026\/01\/darussafaka4-300x225.jpeg 300w, https:\/\/talhacamas.com.tr\/wp-content\/uploads\/2026\/01\/darussafaka4-768x576.jpeg 768w, https:\/\/talhacamas.com.tr\/wp-content\/uploads\/2026\/01\/darussafaka4-1536x1152.jpeg 1536w, https:\/\/talhacamas.com.tr\/wp-content\/uploads\/2026\/01\/darussafaka4-16x12.jpeg 16w, https:\/\/talhacamas.com.tr\/wp-content\/uploads\/2026\/01\/darussafaka4-1500x1125.jpeg 1500w, https:\/\/talhacamas.com.tr\/wp-content\/uploads\/2026\/01\/darussafaka4-705x529.jpeg 705w, https:\/\/talhacamas.com.tr\/wp-content\/uploads\/2026\/01\/darussafaka4.jpeg 1600w\" sizes=\"auto, (max-width: 1030px) 100vw, 1030px\" \/><\/figure>\n\n\n\n<figure class=\"wp-block-image size-large\"><img loading=\"lazy\" decoding=\"async\" width=\"1030\" height=\"773\" src=\"https:\/\/talhacamas.com.tr\/wp-content\/uploads\/2026\/01\/darussafaka6-1030x773.jpeg\" alt=\"\" class=\"wp-image-595\" srcset=\"https:\/\/talhacamas.com.tr\/wp-content\/uploads\/2026\/01\/darussafaka6-1030x773.jpeg 1030w, https:\/\/talhacamas.com.tr\/wp-content\/uploads\/2026\/01\/darussafaka6-300x225.jpeg 300w, https:\/\/talhacamas.com.tr\/wp-content\/uploads\/2026\/01\/darussafaka6-768x576.jpeg 768w, https:\/\/talhacamas.com.tr\/wp-content\/uploads\/2026\/01\/darussafaka6-1536x1152.jpeg 1536w, https:\/\/talhacamas.com.tr\/wp-content\/uploads\/2026\/01\/darussafaka6-16x12.jpeg 16w, https:\/\/talhacamas.com.tr\/wp-content\/uploads\/2026\/01\/darussafaka6-1500x1125.jpeg 1500w, https:\/\/talhacamas.com.tr\/wp-content\/uploads\/2026\/01\/darussafaka6-705x529.jpeg 705w, https:\/\/talhacamas.com.tr\/wp-content\/uploads\/2026\/01\/darussafaka6.jpeg 1600w\" sizes=\"auto, (max-width: 1030px) 100vw, 1030px\" \/><\/figure>","protected":false},"excerpt":{"rendered":"<p>24 Ocak 2026 \/ Edit\u00f6r Talha \u00c7ama\u015f. son kitab\u0131 PUSULA&#8217;n\u0131n ikinci imza g\u00fcn\u00fc etkinli\u011fini halen, Y\u00fcksek Dan\u0131\u015fma Kurulu Ba\u015fkanl\u0131\u011f\u0131n\u0131 da yapt\u0131\u011f\u0131 DAR\u00dc\u015eAFAKA CEM\u0130YET\u0130&#8217;nin MASLAK&#8217;taki merkez yerle\u015fkesinde ger\u00e7ekle\u015ftirdi. Dar\u00fc\u015f\u015fafakal\u0131lar\u0131n kat\u0131ld\u0131\u011f\u0131, s\u0131cak ve samimi bir atmosferde, g\u00fczel bir sohbet havas\u0131da ge\u00e7en etkinlikte Talha \u00c7ama\u015f kitaplar\u0131n\u0131 imzalayarak her bir kat\u0131l\u0131mc\u0131ye tek tek te\u015fekk\u00fcr etti. Nas\u0131l bir bulu\u015fma oldu, [&hellip;]<\/p>","protected":false},"author":1,"featured_media":0,"comment_status":"open","ping_status":"open","sticky":false,"template":"","format":"standard","meta":{"_jetpack_memberships_contains_paid_content":false,"footnotes":""},"categories":[1],"tags":[],"class_list":["post-588","post","type-post","status-publish","format-standard","hentry","category-genel"],"jetpack_featured_media_url":"","jetpack_sharing_enabled":true,"_links":{"self":[{"href":"https:\/\/talhacamas.com.tr\/en\/wp-json\/wp\/v2\/posts\/588","targetHints":{"allow":["GET"]}}],"collection":[{"href":"https:\/\/talhacamas.com.tr\/en\/wp-json\/wp\/v2\/posts"}],"about":[{"href":"https:\/\/talhacamas.com.tr\/en\/wp-json\/wp\/v2\/types\/post"}],"author":[{"embeddable":true,"href":"https:\/\/talhacamas.com.tr\/en\/wp-json\/wp\/v2\/users\/1"}],"replies":[{"embeddable":true,"href":"https:\/\/talhacamas.com.tr\/en\/wp-json\/wp\/v2\/comments?post=588"}],"version-history":[{"count":3,"href":"https:\/\/talhacamas.com.tr\/en\/wp-json\/wp\/v2\/posts\/588\/revisions"}],"predecessor-version":[{"id":598,"href":"https:\/\/talhacamas.com.tr\/en\/wp-json\/wp\/v2\/posts\/588\/revisions\/598"}],"wp:attachment":[{"href":"https:\/\/talhacamas.com.tr\/en\/wp-json\/wp\/v2\/media?parent=588"}],"wp:term":[{"taxonomy":"category","embeddable":true,"href":"https:\/\/talhacamas.com.tr\/en\/wp-json\/wp\/v2\/categories?post=588"},{"taxonomy":"post_tag","embeddable":true,"href":"https:\/\/talhacamas.com.tr\/en\/wp-json\/wp\/v2\/tags?post=588"}],"curies":[{"name":"wp","href":"https:\/\/api.w.org\/{rel}","templated":true}]}}