{"id":426,"date":"2025-12-10T19:29:21","date_gmt":"2025-12-10T16:29:21","guid":{"rendered":"https:\/\/talhacamas.com.tr\/?p=426"},"modified":"2025-12-10T19:59:28","modified_gmt":"2025-12-10T16:59:28","slug":"basin-bulteni","status":"publish","type":"post","link":"https:\/\/talhacamas.com.tr\/en\/2025\/12\/10\/basin-bulteni\/","title":{"rendered":"Bas\u0131n B\u00fclteni"},"content":{"rendered":"<p><strong>\u0130mza G\u00fcn\u00fc Bas\u0131n B\u00fclteni<\/strong><\/p>\n\n\n\n<p><strong>\u201cPUSULA \u2013 Turizmde Zor Y\u0131llar\u0131n Sessiz Tan\u0131\u011f\u0131\u201d okurla bulu\u015fuyor<\/strong><br>T\u00fcrkiye turizm sekt\u00f6r\u00fcn\u00fcn en kritik d\u00f6nemlerinden birine \u0131\u015f\u0131k tutan \u201cPUSULA \u2013 Turizmde Zor Y\u0131llar\u0131n Sessiz Tan\u0131\u011f\u0131\u201d, 16 Aral\u0131k\u2019ta yap\u0131lacak imza g\u00fcn\u00fcyle okurlarla bulu\u015fuyor. <br>Kitab\u0131n yazar\u0131 Memnun Talha \u00c7ama\u015f, 1990\u20131999 aras\u0131ndaki t\u00fcrb\u00fclansl\u0131 y\u0131llar\u0131, krizleri ve sekt\u00f6r\u00fcn yeniden yap\u0131lanma \u00e7abalar\u0131n\u0131 birinci elden tan\u0131kl\u0131klar\u0131yla aktar\u0131yor.<\/p>\n\n\n\n<p>Kitap, y\u00fcz binlerce turistin T\u00fcrkiye\u2019ye geli\u015fini, sekt\u00f6r\u00fcn i\u00e7 dinamiklerini, kamu\u2013\u00f6zel sekt\u00f6r aras\u0131ndaki m\u00fczakereleri, fiyat politikalar\u0131ndaki \u00e7at\u0131\u015fmalar\u0131, kriz masalar\u0131n\u0131 ve sekt\u00f6r\u00fcn d\u00f6n\u00fc\u015f\u00fcm hik\u00e2yesini sade ve etkili bir anlat\u0131mla sunuyor.<\/p>\n\n\n\n<p><strong>\u00d6NE \u00c7IKAN BA\u015eLIKLAR:<\/strong><br>\u2022 1990\u2019l\u0131 y\u0131llar\u0131n politik ve ekonomik krizlerinin turizme etkileri \u00a0<br>\u2022 T\u00dcRSAB\u2019\u0131n yeniden yap\u0131lanma s\u00fcre\u00e7leri \u00a0<br>\u2022 Operat\u00f6rlerle ya\u015fanan m\u00fccadeleler ve fiyat politikalar\u0131 \u00a0<br>\u2022 Turizmin stratejik bir sekt\u00f6re d\u00f6n\u00fc\u015fme ad\u0131mlar\u0131 \u00a0<br>\u2022 \u00c7ama\u015f\u2019\u0131n an\u0131lar\u0131, toplant\u0131lar ve perde arkas\u0131 notlar \u00a0<br>\u2022 Sekt\u00f6r haf\u0131zas\u0131n\u0131n korunmas\u0131na y\u00f6nelik g\u00fc\u00e7l\u00fc vurgular \u00a0<\/p>\n\n\n\n<p><strong>YAZAR HAKKINDA:<\/strong><br>Memnun Talha \u00c7ama\u015f, T\u00fcrkiye turizmine yakla\u015f\u0131k 50 y\u0131ld\u0131r hizmet veren, T\u00dcRSAB Ba\u015fkanl\u0131\u011f\u0131 da d\u00e2hil olmak \u00fczere pek \u00e7ok \u00f6nemli g\u00f6rev \u00fcstlenmi\u015f bir isimdir.<br>Abdi \u0130pek\u00e7i T\u00fcrk-Yunan Dostluk ve Bar\u0131\u015f \u00d6d\u00fcl\u00fc ile Frans\u0131z Turizm Alt\u0131n Madalya \u00d6d\u00fcllerinin de sahibi ve halen T\u00dcRSAB Onursal Ba\u015fkan\u0131 olan \u00c7ama\u015f, bu kitab\u0131 ile turizmin kurumsal haf\u0131zas\u0131n\u0131 kay\u0131t alt\u0131na alma \u00e7abalar\u0131na de\u011ferli bir katk\u0131 sa\u011flayacakt\u0131r.<\/p>\n\n\n\n<p><strong>\u0130MZA G\u00dcN\u00dc:<\/strong><br>Tarih: 16 Aral\u0131k 2025 \u2013 Sal\u0131<br>Saat: 16.00 &#8211; 18,00<br>Yer: THE MARMARA HOTEL TAKS\u0130M<br>\u0130leti\u015fim: 532 212 30 63<\/p>\n\n\n\n<p><\/p>\n\n\n\n<figure class=\"wp-block-image size-large\"><img loading=\"lazy\" decoding=\"async\" width=\"579\" height=\"1030\" src=\"https:\/\/talhacamas.com.tr\/wp-content\/uploads\/2025\/12\/davetiye28.11-1-579x1030.png\" alt=\"\" class=\"wp-image-431\" srcset=\"https:\/\/talhacamas.com.tr\/wp-content\/uploads\/2025\/12\/davetiye28.11-1-579x1030.png 579w, https:\/\/talhacamas.com.tr\/wp-content\/uploads\/2025\/12\/davetiye28.11-1-169x300.png 169w, https:\/\/talhacamas.com.tr\/wp-content\/uploads\/2025\/12\/davetiye28.11-1-768x1365.png 768w, https:\/\/talhacamas.com.tr\/wp-content\/uploads\/2025\/12\/davetiye28.11-1-864x1536.png 864w, https:\/\/talhacamas.com.tr\/wp-content\/uploads\/2025\/12\/davetiye28.11-1-1152x2048.png 1152w, https:\/\/talhacamas.com.tr\/wp-content\/uploads\/2025\/12\/davetiye28.11-1-7x12.png 7w, https:\/\/talhacamas.com.tr\/wp-content\/uploads\/2025\/12\/davetiye28.11-1-844x1500.png 844w, https:\/\/talhacamas.com.tr\/wp-content\/uploads\/2025\/12\/davetiye28.11-1-397x705.png 397w, https:\/\/talhacamas.com.tr\/wp-content\/uploads\/2025\/12\/davetiye28.11-1-scaled.png 1440w\" sizes=\"auto, (max-width: 579px) 100vw, 579px\" \/><\/figure>\n\n\n\n<figure class=\"wp-block-image size-large\"><img loading=\"lazy\" decoding=\"async\" width=\"1030\" height=\"963\" src=\"https:\/\/talhacamas.com.tr\/wp-content\/uploads\/2025\/11\/Talha_camas_pusula_kapak1-1-1030x963.jpg\" alt=\"\" class=\"wp-image-278\" srcset=\"https:\/\/talhacamas.com.tr\/wp-content\/uploads\/2025\/11\/Talha_camas_pusula_kapak1-1-1030x963.jpg 1030w, https:\/\/talhacamas.com.tr\/wp-content\/uploads\/2025\/11\/Talha_camas_pusula_kapak1-1-300x280.jpg 300w, https:\/\/talhacamas.com.tr\/wp-content\/uploads\/2025\/11\/Talha_camas_pusula_kapak1-1-768x718.jpg 768w, https:\/\/talhacamas.com.tr\/wp-content\/uploads\/2025\/11\/Talha_camas_pusula_kapak1-1-705x659.jpg 705w, https:\/\/talhacamas.com.tr\/wp-content\/uploads\/2025\/11\/Talha_camas_pusula_kapak1-1.jpg 1070w\" sizes=\"auto, (max-width: 1030px) 100vw, 1030px\" \/><\/figure>\n\n\n\n<hr class=\"wp-block-separator has-alpha-channel-opacity\"\/>\n\n\n\n<p><\/p>\n\n\n\n<p><strong>K\u0130TAP S\u0130PAR\u0130\u015e ETMEK \u0130\u00c7\u0130N L\u0130NKLER<\/strong><br><a href=\"https:\/\/adaliyayinlari.com\/pusula-turizmde-zor-yillarin-sessiz-tanigi\/talha-camas\/ekin-kitap\/109.aspx\">Adal\u0131 Yay\u0131nlar\u0131<\/a>\u00a0320 TL (\u0130ndirimde)<br><a href=\"https:\/\/www.hepsiburada.com\/pusula-turizmde-zor-yillarin-sessiz-tanigi-pm-HBC0000B4HNS2\">Hepsiburada.com<\/a>\u00a0550 TL<br><a href=\"https:\/\/www.pandora.com.tr\/kitap\/pusula-turizmde-zor-yillarin-sessiz-tanigi\/957390\">Pandora.com.tr<\/a>\u00a0296 TL (\u0130ndirimde)<br><a href=\"https:\/\/www.amazon.com.tr\/Pusula-Turizmde-Y%C4%B1llar%C4%B1n-Sessiz-Tan%C4%B1%C4%9F%C4%B1\/dp\/6054196472\">Amazon.com.tr<\/a>\u00a0550 TL<\/p>\n\n\n\n<p><strong>Not: \u0130mza salonu giri\u015finde, -imza g\u00fcn\u00fcne \u00f6zel indirimle- kitap temin edilebilecektir.<\/strong><\/p>\n\n\n\n<p><\/p>","protected":false},"excerpt":{"rendered":"<p>\u0130mza G\u00fcn\u00fc Bas\u0131n B\u00fclteni \u201cPUSULA \u2013 Turizmde Zor Y\u0131llar\u0131n Sessiz Tan\u0131\u011f\u0131\u201d okurla bulu\u015fuyorT\u00fcrkiye turizm sekt\u00f6r\u00fcn\u00fcn en kritik d\u00f6nemlerinden birine \u0131\u015f\u0131k tutan \u201cPUSULA \u2013 Turizmde Zor Y\u0131llar\u0131n Sessiz Tan\u0131\u011f\u0131\u201d, 16 Aral\u0131k\u2019ta yap\u0131lacak imza g\u00fcn\u00fcyle okurlarla bulu\u015fuyor. Kitab\u0131n yazar\u0131 Memnun Talha \u00c7ama\u015f, 1990\u20131999 aras\u0131ndaki t\u00fcrb\u00fclansl\u0131 y\u0131llar\u0131, krizleri ve sekt\u00f6r\u00fcn yeniden yap\u0131lanma \u00e7abalar\u0131n\u0131 birinci elden tan\u0131kl\u0131klar\u0131yla aktar\u0131yor. Kitap, [&hellip;]<\/p>","protected":false},"author":1,"featured_media":0,"comment_status":"open","ping_status":"open","sticky":false,"template":"","format":"standard","meta":{"_jetpack_memberships_contains_paid_content":false,"footnotes":""},"categories":[1],"tags":[],"class_list":["post-426","post","type-post","status-publish","format-standard","hentry","category-genel"],"jetpack_featured_media_url":"","jetpack_sharing_enabled":true,"_links":{"self":[{"href":"https:\/\/talhacamas.com.tr\/en\/wp-json\/wp\/v2\/posts\/426","targetHints":{"allow":["GET"]}}],"collection":[{"href":"https:\/\/talhacamas.com.tr\/en\/wp-json\/wp\/v2\/posts"}],"about":[{"href":"https:\/\/talhacamas.com.tr\/en\/wp-json\/wp\/v2\/types\/post"}],"author":[{"embeddable":true,"href":"https:\/\/talhacamas.com.tr\/en\/wp-json\/wp\/v2\/users\/1"}],"replies":[{"embeddable":true,"href":"https:\/\/talhacamas.com.tr\/en\/wp-json\/wp\/v2\/comments?post=426"}],"version-history":[{"count":6,"href":"https:\/\/talhacamas.com.tr\/en\/wp-json\/wp\/v2\/posts\/426\/revisions"}],"predecessor-version":[{"id":440,"href":"https:\/\/talhacamas.com.tr\/en\/wp-json\/wp\/v2\/posts\/426\/revisions\/440"}],"wp:attachment":[{"href":"https:\/\/talhacamas.com.tr\/en\/wp-json\/wp\/v2\/media?parent=426"}],"wp:term":[{"taxonomy":"category","embeddable":true,"href":"https:\/\/talhacamas.com.tr\/en\/wp-json\/wp\/v2\/categories?post=426"},{"taxonomy":"post_tag","embeddable":true,"href":"https:\/\/talhacamas.com.tr\/en\/wp-json\/wp\/v2\/tags?post=426"}],"curies":[{"name":"wp","href":"https:\/\/api.w.org\/{rel}","templated":true}]}}