{"id":397,"date":"2025-12-09T13:09:23","date_gmt":"2025-12-09T10:09:23","guid":{"rendered":"https:\/\/talhacamas.com.tr\/?p=397"},"modified":"2025-12-19T02:53:44","modified_gmt":"2025-12-18T23:53:44","slug":"talha-camas-imza-gunu","status":"publish","type":"post","link":"https:\/\/talhacamas.com.tr\/en\/2025\/12\/09\/talha-camas-imza-gunu\/","title":{"rendered":"TALHA \u00c7AMA\u015e \u0130mza G\u00fcn\u00fc \u0130zlenimleri"},"content":{"rendered":"<p><br><br><strong>Talha \u00c7AMA\u015e, THE MARMARA OTEL TAKS\u0130M&#8217;de  PUSULA isimli kitab\u0131n\u0131 imzalad\u0131.<\/strong> <br>\u0130mza g\u00fcn\u00fcnde, \u00e7ok say\u0131da okur, turizm profesyoneli, bas\u0131n mensuplar\u0131, Talha \u00c7ama\u015f&#8217;\u0131n e\u015fi ve dostlar\u0131 vard\u0131.<br>16 Aral\u0131k 2025, 16,00&#8217;da ba\u015flayan ve 18,00&#8217;e kadar s\u00fcren etkinlik canl\u0131, e\u011flenceli ve s\u00f6yle\u015fiye d\u00f6n\u00fc\u015ft\u00fc. <\/p>\n\n\n\n<figure class=\"wp-block-image size-large\"><img loading=\"lazy\" decoding=\"async\" width=\"1030\" height=\"773\" src=\"https:\/\/talhacamas.com.tr\/wp-content\/uploads\/2025\/12\/imza-masasi-1030x773.jpeg\" alt=\"\" class=\"wp-image-453\" srcset=\"https:\/\/talhacamas.com.tr\/wp-content\/uploads\/2025\/12\/imza-masasi-1030x773.jpeg 1030w, https:\/\/talhacamas.com.tr\/wp-content\/uploads\/2025\/12\/imza-masasi-300x225.jpeg 300w, https:\/\/talhacamas.com.tr\/wp-content\/uploads\/2025\/12\/imza-masasi-768x576.jpeg 768w, https:\/\/talhacamas.com.tr\/wp-content\/uploads\/2025\/12\/imza-masasi-1536x1152.jpeg 1536w, https:\/\/talhacamas.com.tr\/wp-content\/uploads\/2025\/12\/imza-masasi-16x12.jpeg 16w, https:\/\/talhacamas.com.tr\/wp-content\/uploads\/2025\/12\/imza-masasi-1500x1125.jpeg 1500w, https:\/\/talhacamas.com.tr\/wp-content\/uploads\/2025\/12\/imza-masasi-705x529.jpeg 705w, https:\/\/talhacamas.com.tr\/wp-content\/uploads\/2025\/12\/imza-masasi.jpeg 1600w\" sizes=\"auto, (max-width: 1030px) 100vw, 1030px\" \/><\/figure>\n\n\n\n<p><br><br>Talha \u00c7ama\u015f ile birlikte, kitab\u0131n yay\u0131nc\u0131s\u0131 Ekin Kitap&#8217; y\u00f6neticisi Halim Buluto\u011flu&#8217;nun da bir konu\u015fma yapt\u0131\u011f\u0131 bulu\u015fma okurlardan gelen sorular ve yazar\u0131n cevaplar\u0131yla devam etti. <br><br>Epeyice uzun bir imza kuyru\u011funu g\u00f6ze almak gerektiyse de sab\u0131rla bekleyen okurlar, yazara kitaplar\u0131n\u0131 imzalatt\u0131lar. <br> &nbsp;<\/p>\n\n\n\n<figure class=\"wp-block-image size-large\"><img loading=\"lazy\" decoding=\"async\" width=\"1030\" height=\"579\" src=\"https:\/\/talhacamas.com.tr\/wp-content\/uploads\/2025\/12\/imza-kuyrugu-1030x579.jpeg\" alt=\"\" class=\"wp-image-455\" srcset=\"https:\/\/talhacamas.com.tr\/wp-content\/uploads\/2025\/12\/imza-kuyrugu-1030x579.jpeg 1030w, https:\/\/talhacamas.com.tr\/wp-content\/uploads\/2025\/12\/imza-kuyrugu-300x169.jpeg 300w, https:\/\/talhacamas.com.tr\/wp-content\/uploads\/2025\/12\/imza-kuyrugu-768x432.jpeg 768w, https:\/\/talhacamas.com.tr\/wp-content\/uploads\/2025\/12\/imza-kuyrugu-1536x864.jpeg 1536w, https:\/\/talhacamas.com.tr\/wp-content\/uploads\/2025\/12\/imza-kuyrugu-18x10.jpeg 18w, https:\/\/talhacamas.com.tr\/wp-content\/uploads\/2025\/12\/imza-kuyrugu-1500x844.jpeg 1500w, https:\/\/talhacamas.com.tr\/wp-content\/uploads\/2025\/12\/imza-kuyrugu-705x397.jpeg 705w, https:\/\/talhacamas.com.tr\/wp-content\/uploads\/2025\/12\/imza-kuyrugu.jpeg 2048w\" sizes=\"auto, (max-width: 1030px) 100vw, 1030px\" \/><\/figure>\n\n\n\n<p><br><strong>\u0130mza Etkinli\u011fi ile ilgili g\u00f6zlemlerini Turizm ve Ekonomi Yazar\u0131 Kerem K\u00f6fteo\u011flu, Turizm gazetesinde \u015f\u00f6yle payla\u015ft\u0131:<br><\/strong><br>&#8220;T\u00dcRSAB eski ba\u015fkan\u0131, g\u00fcn\u00fcm\u00fczde T\u00dcRBAB onursal ba\u015fkan\u0131 olan Talha \u00c7ama\u015f, Pusula adl\u0131 kitab\u0131n\u0131n The Marmara Otel\u2019de ger\u00e7ekle\u015fen tan\u0131t\u0131m toplant\u0131s\u0131nda konu\u015furken \u201c1990-99 y\u0131llar\u0131nda turizmde son derece \u00e7alkant\u0131l\u0131 bir d\u00f6nem ya\u015fad\u0131k. Sekt\u00f6r\u00fcn sorunlar\u0131n\u0131 sadece kendi i\u00e7imizde de\u011fil, kamu y\u00f6netimiyle, sekt\u00f6r\u00fcn birlikte olu\u015fturdu\u011fu g\u00fc\u00e7, dayan\u0131\u015fma ve ortak ak\u0131l sayesinde a\u00e7t\u0131k. Bunun i\u00e7in bazen m\u00fczakere bazen de m\u00fccadele ettik\u201d dedi.&nbsp;<br>Toplant\u0131n\u0131n a\u00e7\u0131l\u0131\u015f\u0131nda konu\u015fan kitab\u0131n yay\u0131nc\u0131s\u0131 Ekin Kitap Y\u00f6netim Kurulu Ba\u015fkan\u0131 Halim Buluto\u011flu 80\u2019li y\u0131llardan bu yana \u00fczerinden neredeyse k\u0131rk y\u0131la yak\u0131n zaman ge\u00e7ti\u011fini hat\u0131rlatt\u0131ktan sonra \u015funlar\u0131 s\u00f6yledi: Bu s\u00fcre\u00e7te ya\u015fad\u0131klar\u0131m\u0131z\u0131n kay\u0131t alt\u0131na al\u0131nmas\u0131 son derece de\u011ferli. Bunu ger\u00e7ekle\u015ftirmi\u015f olan Say\u0131n \u00c7ama\u015f&#8217;a sizler ad\u0131na te\u015fekk\u00fcr etmek istiyorum. \u00c7\u00fcnk\u00fc ya\u015fananlar\u0131, deneyimleri payla\u015f\u0131p bunlar\u0131 kal\u0131c\u0131 hale getirmek i\u00e7in kitaba d\u00f6n\u00fc\u015ft\u00fcrmek hi\u00e7 kolay bir \u015fey de\u011fil. Kitapla birlikte t\u00fcm bunlar ar\u015five girmi\u015f oluyor. Bunun sekt\u00f6r\u00fcm\u00fcze emek veren insanlara \u00f6ncelikle de kaybettiklerimize bir vefa borcu olaca\u011f\u0131n\u0131 umuyorum. Talha Bey&#8217;in kitab\u0131na b\u00f6yle bakmak laz\u0131m. Biz sadece bu \u00f6nemli deneyimlerin kitap olarak yay\u0131nlanmas\u0131na arac\u0131 olduk.\u201d&nbsp;<\/p>\n\n\n\n<p>T\u00fcrkiye&#8217;nin olduk\u00e7a \u00e7alkant\u0131l\u0131 olan 1990 ve 1999 y\u0131llar\u0131 aras\u0131ndaki d\u00f6nemini turizm a\u00e7\u0131s\u0131ndan anlatmaya \u00e7al\u0131\u015ft\u0131\u011f\u0131n\u0131 belirten Talha \u00c7ama\u015f ise \u201cO y\u0131llarda sava\u015f, ter\u00f6r olaylar\u0131, siyasi \u00e7alkant\u0131lar ve ekonomik krizler ya\u015fad\u0131k. Bunlar\u0131n hepsi o y\u0131llarda ayakta durmaya \u00e7al\u0131\u015fan sekt\u00f6r\u00fcn zorlanmas\u0131na neden oldu. \u00c7ok f\u0131rt\u0131na olarak g\u00f6\u011f\u00fcs gerildi, \u00e7ok dostumun maalesef bu d\u00f6nemde sekt\u00f6r\u00fc b\u0131rakmak zorunda. Ancak bug\u00fcn turizmde geldi\u011fimiz noktada hepsinin m\u00fccadesi bu yolun \u00e7ok \u00f6nemli kilometre ta\u015flar\u0131 oldu\u201d.<br><\/p>\n\n\n\n<figure class=\"wp-block-image size-full\"><img loading=\"lazy\" decoding=\"async\" width=\"800\" height=\"400\" src=\"https:\/\/talhacamas.com.tr\/wp-content\/uploads\/2025\/12\/talha-camas-imza-gunu.jpeg\" alt=\"\" class=\"wp-image-459\" srcset=\"https:\/\/talhacamas.com.tr\/wp-content\/uploads\/2025\/12\/talha-camas-imza-gunu.jpeg 800w, https:\/\/talhacamas.com.tr\/wp-content\/uploads\/2025\/12\/talha-camas-imza-gunu-300x150.jpeg 300w, https:\/\/talhacamas.com.tr\/wp-content\/uploads\/2025\/12\/talha-camas-imza-gunu-768x384.jpeg 768w, https:\/\/talhacamas.com.tr\/wp-content\/uploads\/2025\/12\/talha-camas-imza-gunu-18x9.jpeg 18w, https:\/\/talhacamas.com.tr\/wp-content\/uploads\/2025\/12\/talha-camas-imza-gunu-705x353.jpeg 705w\" sizes=\"auto, (max-width: 800px) 100vw, 800px\" \/><\/figure>\n\n\n\n<p><strong>\u201cBu kitap zorlu yolculu\u011fun hikayesi\u201d<\/strong><\/p>\n\n\n\n<p>Kitab\u0131 yazarken o d\u00f6nemde birlikte \u00e7al\u0131\u015ft\u0131\u011f\u0131, T\u00dcRSAB\u2019\u0131n t\u00fcm yay\u0131nlar\u0131n\u0131 haz\u0131rlayan Ekim Yaz\u0131m ve onun sahibi Halil Buluto\u011flu&#8217;nun yan\u0131s\u0131ra, hem onunla hem de benle sekt\u00f6r i\u00e7in unutulmaz ara\u015ft\u0131rmalar\u0131yla katk\u0131lar\u0131 yapan dostu rahmetli Fehmi K\u00f6fteo\u011flu&#8217;ndan \u00e7ok faydaland\u0131\u011f\u0131n\u0131 vurgulayan \u00c7ama\u015f \u015f\u00f6yle devam etti: \u201cOnlarda o d\u00f6nemde birlikte ya\u015fad\u0131\u011f\u0131m\u0131z ve verdi\u011fimiz m\u00fccadeleleri en az benim kadar iyi bilen insanlard\u0131r. Sekt\u00f6r\u00fcn sorunlar\u0131n\u0131 sadece kendi i\u00e7inde de\u011fil, kamu y\u00f6netimiyle, sekt\u00f6r\u00fcn birlikte olu\u015fturdu\u011fu g\u00fc\u00e7, dayan\u0131\u015fma ve ortak ak\u0131l sayesinde a\u00e7t\u0131k. T\u00fcrkiye Turizm Yat\u0131r\u0131mc\u0131lar\u0131 Derne\u011fi, T\u00dcROB y\u00f6neticileriyle birlikte \u00e7al\u0131\u015ft\u0131k. Bu birliktelik o zorlu y\u0131llar\u0131n a\u015fmas\u0131na dayanak oldu. T\u00dcRSAB \u00e7at\u0131s\u0131 alt\u0131nda \u00e7ok \u015fey ya\u015fad\u0131k. Bazen m\u00fczakere, bazen de m\u00fccadele ettik. Bazen kavga ettik ama her zaman daha iyi bir sekt\u00f6r i\u00e7in \u00e7al\u0131\u015ft\u0131k. \u00c7ok sert dalgalarla bo\u011fu\u015ftuk ama hepsini a\u015ft\u0131k. \u0130\u015fte bu kitap o zorlu yolculu\u011fun hikayesi. Bir d\u00f6nemin ger\u00e7ek foto\u011fraf\u0131 hepsinden \u00f6nemlisi bu sekt\u00f6r\u00fcn g\u00f6r\u00fclmeyen kahramanlar\u0131n hikayesidir. Gen\u00e7 turizmciler, \u00f6\u011frenciler, ara\u015ft\u0131rmac\u0131lar bunlar\u0131 bilsin istedim. Bug\u00fcn kolay g\u00f6r\u00fcnen \u00e7ok \u015feyin asl\u0131nda ge\u00e7mi\u015fte verilen b\u00fcy\u00fck emekler sonunda olu\u015fturuldu\u011fu unutulmas\u0131n istedim. Bu kitap sadece benim de\u011fil, o y\u0131llarda \u00e7al\u0131\u015fan, \u00e7abalayan, \u00fcreten, ter d\u00f6ken herkesin kitab\u0131. Bu kitab\u0131n haz\u0131rlanmas\u0131, bas\u0131lmas\u0131 ve da\u011f\u0131t\u0131lmas\u0131nda sevgili e\u015fim ve orta\u011f\u0131m \u0130lknur \u00c7ama\u015f, sevgili orta\u011f\u0131m karde\u015fim Kaya \u00dcr\u00fcn, Halim Buluto\u011flu, kitab\u0131n edit\u00f6r\u00fc B\u00fclent \u00c7elik ve rahmetli Fehmi K\u00f6fteo\u011flu\u2019nun b\u00fcy\u00fck eme\u011fi var. Hepsine g\u00f6n\u00fclden te\u015fekk\u00fcr ediyorum.\u201d<\/p>\n\n\n\n<p><\/p>\n\n\n\n<p><strong>\u0130MZA G\u00dcN\u00dc<\/strong> <strong>FOTO\u011eRAF GALER\u0130S\u0130<\/strong> <a href=\"https:\/\/talhacamas.com.tr\/en\/\"><strong>ANASAYFAD<\/strong>A<\/a> >><\/p>\n\n\n\n<p><\/p>\n\n\n\n<hr class=\"wp-block-separator has-alpha-channel-opacity\"\/>\n\n\n\n<hr class=\"wp-block-separator has-alpha-channel-opacity\"\/>\n\n\n\n<p><\/p>\n\n\n\n<p><\/p>\n\n\n\n<p><\/p>\n\n\n\n<p><\/p>\n\n\n\n<p><\/p>\n\n\n\n<p><\/p>\n\n\n\n<p><\/p>\n\n\n\n<p><\/p>\n\n\n\n<p><\/p>\n\n\n\n<p><\/p>\n\n\n\n<p><\/p>\n\n\n\n<p><\/p>\n\n\n\n<p><\/p>\n\n\n\n<p><br><\/p>\n\n\n\n<p><strong>K\u0130TAP S\u0130PAR\u0130\u015e\u0130 \u0130\u00c7\u0130N L\u0130NKLER<\/strong><br><a href=\"https:\/\/adaliyayinlari.com\/pusula-turizmde-zor-yillarin-sessiz-tanigi\/talha-camas\/ekin-kitap\/109.aspx\">Adal\u0131 Yay\u0131nlar\u0131<\/a> 320 TL (\u0130ndirimde)<br><a href=\"https:\/\/www.hepsiburada.com\/pusula-turizmde-zor-yillarin-sessiz-tanigi-pm-HBC0000B4HNS2\">Hepsiburada.com<\/a> 550 TL <br><a href=\"https:\/\/www.pandora.com.tr\/kitap\/pusula-turizmde-zor-yillarin-sessiz-tanigi\/957390\">Pandora.com.tr<\/a> 296 TL (\u0130ndirimde)<br><a href=\"https:\/\/www.amazon.com.tr\/Pusula-Turizmde-Y%C4%B1llar%C4%B1n-Sessiz-Tan%C4%B1%C4%9F%C4%B1\/dp\/6054196472\">Amazon.com.tr<\/a> 550 TL<br><br><\/p>\n\n\n\n<p><\/p>\n\n\n<div class=\"trp-block-container\"><div class=\"trp-shortcode-switcher__wrapper\"\r\n     style=\"--bg:#ffffff;--bg-hover:#0000000d;--text:#143852;--text-hover:#1d2327;--border:1px solid #1438521a;--border-width:1px;--border-color:#1438521a;--border-radius:5px;--flag-radius:2px;--flag-size:18px;--aspect-ratio:4\/3;--font-size:14px;--transition-duration:0.2s\"\r\n     role=\"group\"\r\n     data-open-mode=\"hover\">\r\n\r\n    \r\n        <!-- ANCHOR (in-flow only; sizing\/borders; inert) -->\r\n        <div class=\"trp-language-switcher trp-ls-dropdown trp-shortcode-switcher trp-shortcode-anchor trp-open-on-hover\"\r\n             aria-hidden=\"true\"\r\n             inert\r\n data-no-translation>\r\n                <div class=\"trp-current-language-item__wrapper\">\r\n        <a class=\"trp-language-item trp-language-item__default trp-language-item__current\" data-no-translation href=\"https:\/\/talhacamas.com.tr\/en\/wp-json\/wp\/v2\/posts\/397\" title=\"English\"><img decoding=\"async\" src=\"https:\/\/talhacamas.com.tr\/wp-content\/plugins\/translatepress-multilingual\/assets\/flags\/4x3\/en_GB.svg\" class=\"trp-flag-image\" alt=\"\" role=\"presentation\" loading=\"lazy\" \/><span class=\"trp-language-item-name\">English<\/span><\/a>                    <svg class=\"trp-shortcode-arrow\" width=\"20\" height=\"20\" viewbox=\"0 0 20 21\" fill=\"none\" aria-hidden=\"true\" focusable=\"false\" xmlns=\"http:\/\/www.w3.org\/2000\/svg\">\r\n                <path d=\"M5 8L10 13L15 8\" stroke=\"var(--text)\" stroke-width=\"2\" stroke-linecap=\"round\" stroke-linejoin=\"round\"\/>\r\n            <\/svg>\r\n            <\/div>\r\n            <\/div>\r\n\r\n        <!-- OVERLAY (positioned; interactive surface) -->\r\n        <div class=\"trp-language-switcher trp-ls-dropdown trp-shortcode-switcher trp-shortcode-overlay trp-open-on-hover\"\r\n             role=\"navigation\"\r\n             aria-label=\"Website language selector\"\r\n             data-no-translation\r\n>\r\n                <div class=\"trp-current-language-item__wrapper\">\r\n        <div class=\"trp-language-item trp-language-item__default trp-language-item__current\" data-no-translation role=\"button\" aria-expanded=\"false\" tabindex=\"0\" aria-label=\"Change language\" aria-controls=\"trp-shortcode-dropdown-69f389cd2d243\"><img decoding=\"async\" src=\"https:\/\/talhacamas.com.tr\/wp-content\/plugins\/translatepress-multilingual\/assets\/flags\/4x3\/en_GB.svg\" class=\"trp-flag-image\" alt=\"\" role=\"presentation\" loading=\"lazy\" \/><span class=\"trp-language-item-name\">English<\/span><\/div>                    <svg class=\"trp-shortcode-arrow\" width=\"20\" height=\"20\" viewbox=\"0 0 20 21\" fill=\"none\" aria-hidden=\"true\" focusable=\"false\" xmlns=\"http:\/\/www.w3.org\/2000\/svg\">\r\n                <path d=\"M5 8L10 13L15 8\" stroke=\"var(--text)\" stroke-width=\"2\" stroke-linecap=\"round\" stroke-linejoin=\"round\"\/>\r\n            <\/svg>\r\n            <\/div>\r\n    \r\n            <div class=\"trp-switcher-dropdown-list\"\r\n                 id=\"trp-shortcode-dropdown-69f389cd2d243\"\r\n                 role=\"group\"\r\n                 aria-label=\"Available languages\"\r\n                 hidden\r\n inert\r\n>\r\n                                                            <a class=\"trp-language-item\" href=\"https:\/\/talhacamas.com.tr\/en\/wp-json\/wp\/v2\/posts\/397\" title=\"Turkish\">\r\n                            <img decoding=\"async\" src=\"https:\/\/talhacamas.com.tr\/wp-content\/plugins\/translatepress-multilingual\/assets\/flags\/4x3\/tr_TR.svg\" class=\"trp-flag-image\" alt=\"\" role=\"presentation\" loading=\"lazy\" \/>                                                            <span class=\"trp-language-item-name\" data-no-translation>Turkish<\/span>\r\n                                                                                <\/a>\r\n                                                <\/div>\r\n        <\/div>\r\n\r\n    <\/div>\r\n<\/div>\n\n\n<p><\/p>","protected":false},"excerpt":{"rendered":"<p>Talha \u00c7AMA\u015e, THE MARMARA OTEL TAKS\u0130M&#8217;de PUSULA isimli kitab\u0131n\u0131 imzalad\u0131. \u0130mza g\u00fcn\u00fcnde, \u00e7ok say\u0131da okur, turizm profesyoneli, bas\u0131n mensuplar\u0131, Talha \u00c7ama\u015f&#8217;\u0131n e\u015fi ve dostlar\u0131 vard\u0131.16 Aral\u0131k 2025, 16,00&#8217;da ba\u015flayan ve 18,00&#8217;e kadar s\u00fcren etkinlik canl\u0131, e\u011flenceli ve s\u00f6yle\u015fiye d\u00f6n\u00fc\u015ft\u00fc. Talha \u00c7ama\u015f ile birlikte, kitab\u0131n yay\u0131nc\u0131s\u0131 Ekin Kitap&#8217; y\u00f6neticisi Halim Buluto\u011flu&#8217;nun da bir konu\u015fma yapt\u0131\u011f\u0131 bulu\u015fma [&hellip;]<\/p>","protected":false},"author":1,"featured_media":0,"comment_status":"open","ping_status":"open","sticky":false,"template":"","format":"standard","meta":{"_jetpack_memberships_contains_paid_content":false,"footnotes":""},"categories":[1],"tags":[],"class_list":["post-397","post","type-post","status-publish","format-standard","hentry","category-genel"],"jetpack_featured_media_url":"","jetpack_sharing_enabled":true,"_links":{"self":[{"href":"https:\/\/talhacamas.com.tr\/en\/wp-json\/wp\/v2\/posts\/397","targetHints":{"allow":["GET"]}}],"collection":[{"href":"https:\/\/talhacamas.com.tr\/en\/wp-json\/wp\/v2\/posts"}],"about":[{"href":"https:\/\/talhacamas.com.tr\/en\/wp-json\/wp\/v2\/types\/post"}],"author":[{"embeddable":true,"href":"https:\/\/talhacamas.com.tr\/en\/wp-json\/wp\/v2\/users\/1"}],"replies":[{"embeddable":true,"href":"https:\/\/talhacamas.com.tr\/en\/wp-json\/wp\/v2\/comments?post=397"}],"version-history":[{"count":24,"href":"https:\/\/talhacamas.com.tr\/en\/wp-json\/wp\/v2\/posts\/397\/revisions"}],"predecessor-version":[{"id":577,"href":"https:\/\/talhacamas.com.tr\/en\/wp-json\/wp\/v2\/posts\/397\/revisions\/577"}],"wp:attachment":[{"href":"https:\/\/talhacamas.com.tr\/en\/wp-json\/wp\/v2\/media?parent=397"}],"wp:term":[{"taxonomy":"category","embeddable":true,"href":"https:\/\/talhacamas.com.tr\/en\/wp-json\/wp\/v2\/categories?post=397"},{"taxonomy":"post_tag","embeddable":true,"href":"https:\/\/talhacamas.com.tr\/en\/wp-json\/wp\/v2\/tags?post=397"}],"curies":[{"name":"wp","href":"https:\/\/api.w.org\/{rel}","templated":true}]}}