{"id":365,"date":"2025-11-21T21:55:17","date_gmt":"2025-11-21T18:55:17","guid":{"rendered":"https:\/\/talhacamas.com.tr\/?p=365"},"modified":"2025-11-21T21:55:51","modified_gmt":"2025-11-21T18:55:51","slug":"pusuladan-basliklar","status":"publish","type":"post","link":"https:\/\/talhacamas.com.tr\/en\/2025\/11\/21\/pusuladan-basliklar\/","title":{"rendered":"PUSULA\u2019dan ba\u015fl\u0131klar\u2026"},"content":{"rendered":"<p><br><strong><br><\/strong><strong>T\u00dcRSAB\u2019da y\u00f6netici olmak<\/strong>, herhangi bir kurumda y\u00f6netici olman\u0131n \u00f6tesinde, hem ki\u015fisel bir \u00f6zveri hem de toplumsal bir sorumluluk gerektirir.<\/p>\n\n\n\n<p>Bu t\u00fcr g\u00f6revler bireyleri, sadece g\u00fcnl\u00fck ya\u015famlar\u0131nda de\u011fil, vicdanlar\u0131nda da s\u00fcrekli bir muhasebe i\u00e7inde b\u0131rak\u0131r.<\/p>\n\n\n\n<p>\u0130nsan, y\u00fck\u00fcmlendi\u011fi sorumluluklar\u0131n a\u011f\u0131rl\u0131\u011f\u0131n\u0131 ta\u015f\u0131rken bir yandan da i\u00e7inde bulundu\u011fu kuruma ve sekt\u00f6re de\u011fer katma \u00e7abas\u0131yla hareket eder. Belki de bu y\u00fczden, bu g\u00f6revlerin zorlu\u011fu kadar anlam\u0131 da b\u00fcy\u00fckt\u00fcr<\/p>\n\n\n\n<p><br><strong>Y\u00f6netmek ve Finans<\/strong><\/p>\n\n\n\n<p>Sekt\u00f6rde y\u0131llar i\u00e7inde g\u00f6rd\u00fc\u011f\u00fcm en temel eksikliklerin ba\u015f\u0131nda finansal disiplinsizlik ve muhasebe s\u00fcre\u00e7lerine yeterince \u00f6nem verilmemesi gelmektedir. Bir\u00e7ok i\u015fletme, potansiyeline ve kaliteli hizmetine ra\u011fmen, sadece bu alandaki zaaflar nedeniyle ayakta kalamam\u0131\u015ft\u0131r. Bu yaz\u0131, hem gen\u00e7 giri\u015fimciler hem de uzun s\u00fcredir i\u015f hayat\u0131nda olanlar i\u00e7in bir hat\u0131rlatma ve yol g\u00f6sterici niteliktedir.<\/p>\n\n\n\n<p>\u0130\u015f d\u00fcnyas\u0131nda ba\u015far\u0131 sadece m\u00fc\u015fteri memnuniyeti, iyi hizmet veya cesur yat\u0131r\u0131mlarla gelmez. En az bunlar kadar \u00f6nemli olan bir alan daha vard\u0131r ki, ihmal edildi\u011finde sessizce ama kesin \u015fekilde bir i\u015fletmeyi i\u00e7ten i\u00e7e t\u00fcketir: Finansal disiplin ve muhasebe y\u00f6netimi.<\/p>\n\n\n\n<p>Finans\u0131 takip etmeyen, dijital sistemlere entegre olmayan, nakit ak\u0131\u015f\u0131n\u0131 y\u00f6netemeyen, paras\u0131n\u0131n nereden gelip nereye gitti\u011fini bilmeyen her i\u015fletme; gelecekte bir noktada a\u011f\u0131r bir bedel \u00f6demeye mahkum olur.<\/p>\n\n\n\n<p>Unutmayal\u0131m, kontrol edemedi\u011fimiz para, bizim de\u011fildir.<\/p>\n\n\n\n<p><br><strong>Birbirimizin sesini duymak<\/strong><\/p>\n\n\n\n<p>G\u00fcn\u00fcm\u00fczde ileti\u015fim, \u00e7o\u011fu zaman birbirimizi anlamaktan \u00e7ok, kendi sesimizi duyurma \u00e7abas\u0131na d\u00f6n\u00fc\u015fm\u00fc\u015f durumda. \u0130nsanlar konu\u015fuyor, fakat dinlemiyor; cevap veriyor, fakat anlam\u0131yor. Oysa ger\u00e7ek ileti\u015fim, tahamm\u00fcl ve nezaketi i\u00e7inde bar\u0131nd\u0131ran bir sanatt\u0131r.<\/p>\n\n\n\n<p>Nezaket, yaln\u0131zca kibarl\u0131k de\u011fil, bir anlay\u0131\u015f bi\u00e7imidir.<\/p>\n\n\n\n<p>Kar\u015f\u0131m\u0131zdaki ki\u015fiyle ayn\u0131 fikirde olmasak bile onu sab\u0131rla dinleyebilmek, onun da bir hik\u00e2yesi oldu\u011funu kabul etmektir. Nezaket, bir fikre kar\u015f\u0131 \u00e7\u0131karken bile \u00f6fkeye kap\u0131lmadan, sayg\u0131y\u0131 koruyarak konu\u015fabilmektir.<\/p>\n\n\n\n<p><br><strong>Etik ve anlaml\u0131 ya\u015fam<\/strong><\/p>\n\n\n\n<p>Hi\u00e7 kimse \u00f6l\u00fcm d\u00f6\u015fe\u011finde \u201cKe\u015fke daha fazla ofiste zaman ge\u00e7irseydim!\u201d demez.<\/p>\n\n\n\n<p>Ba\u015far\u0131, para, \u00fcn&#8230; Evet, bunlar motivasyon olabilir. Ama bir g\u00fcn geriye d\u00f6n\u00fcp bakt\u0131\u011f\u0131m\u0131zda, en \u00e7ok i\u00e7imize sinen \u015feyler; do\u011fru kararlar, d\u00fczg\u00fcn duru\u015flar ve ba\u015fkalar\u0131n\u0131n hayat\u0131na dokundu\u011fumuz anlar olacakt\u0131r.<\/p>\n\n\n\n<p>\u0130\u015fte bu y\u00fczden mesleki hayat\u0131m\u0131zda etik ve anlaml\u0131 ya\u015fam kavram\u0131 \u00f6nemlidir.<\/p>\n\n\n\n<p>E\u011fer bu sat\u0131rlar\u0131 okuyorsan, demek ki geli\u015fime a\u00e7\u0131ks\u0131n. Belki yeni ba\u015fl\u0131yorsun, belki yolun ba\u015f\u0131ndas\u0131n, belki bir d\u00f6neme\u00e7tesin.<\/p>\n\n\n\n<p>&nbsp;<strong>\u015eunu bil:<\/strong><strong><br><\/strong>&#8211; Bilgiyle, emekle ve erdemle y\u00fcr\u00fcyenler uzun vadede hep kazan\u0131r.<\/p>\n\n\n\n<p>&#8211; Zor zamanlar olacakt\u0131r ama sa\u011flam duru\u015f seni ayakta tutar.<\/p>\n\n\n\n<p>&#8211; Her m\u00fc\u015fteri bir f\u0131rsatt\u0131r; sadece sat\u0131\u015f i\u00e7in de\u011fil, insan olarak dokunmak i\u00e7in.<\/p>\n\n\n\n<p>&#8211; Nezaket, d\u00fcr\u00fcstl\u00fck ve kararl\u0131l\u0131k seni s\u0131radan biri olmaktan \u00e7\u0131kar\u0131r.<\/p>\n\n\n\n<p>\u201c<strong><em>\u0130yi insan olmak, iyi turizmci olman\u0131n \u00f6n ko\u015fuludur. \u201c<\/em><\/strong><\/p>\n\n\n\n<p><strong>Turizm yeniden yap\u0131lanmal\u0131<\/strong><\/p>\n\n\n\n<p>T\u00fcrkiye turizmi, uzun y\u0131llar boyunca &#8220;kaliteli hizmetin uygun fiyatla sunulmas\u0131&#8221; form\u00fcl\u00fcyle pazarda yer buldu. Bu form\u00fcl, ilk bak\u0131\u015fta olumlu gibi g\u00f6r\u00fcnse de zamanla kalite-fiyat dengesinin bozulmas\u0131na ve sekt\u00f6r\u00fcn \u2018orta gelir tuza\u011f\u0131na\u2019 yakalanmas\u0131na neden oldu. Turizmde bu tuzak, ne \u00fcst d\u00fczey segmentte rekabet edebilmek ne de d\u00fc\u015f\u00fck maliyetle s\u00fcrd\u00fcr\u00fclebilir olmak anlam\u0131na gelir. Ortada kalmak, zamanla geride kalmakt\u0131r<\/p>\n\n\n\n<p>Gastronomi rotalar\u0131 haritada yok, sa\u011fl\u0131k turizmi te\u015fvikle destekleniyor ama kalite ve denetim standard\u0131 tam oturmam\u0131\u015f, k\u00fclt\u00fcr turlar\u0131nda h\u00e2l\u00e2 \u0130stanbul\u2013Kapadokya\u2013Efes \u00fc\u00e7geni d\u0131\u015f\u0131na \u00e7\u0131kmak zor.<\/p>\n\n\n\n<p><br>T\u00fcrkiye turizmi, otuz y\u0131l\u0131 a\u015fk\u0131n s\u00fcredir k\u00fcresel rekabette yerini sa\u011flamla\u015ft\u0131rmaya \u00e7al\u0131\u015f\u0131rken bir yandan da yap\u0131sal sorunlarla bo\u011fu\u015ftu: fiyat odakl\u0131l\u0131k, d\u00fc\u015f\u00fck ki\u015fi ba\u015f\u0131 harcama, imaj sorunlar\u0131 ve d\u0131\u015fa ba\u011f\u0131ml\u0131 pazarlama modelleri. Bug\u00fcn geldi\u011fimiz noktada h\u00e2l\u00e2 ayn\u0131 sorular etraf\u0131nda d\u00f6n\u00fcyorsak, art\u0131k bir zihniyet d\u00f6n\u00fc\u015f\u00fcm\u00fcne ihtiya\u00e7 oldu\u011fu a\u00e7\u0131kt\u0131r.<\/p>\n\n\n\n<p>Bu d\u00f6n\u00fc\u015f\u00fcm; yaln\u0131zca fiyat\u0131 art\u0131rmakla de\u011fil, \u00fclke turizminin genel \u00e7er\u00e7evesini yeniden tan\u0131mlamakla m\u00fcmk\u00fcnd\u00fcr.<br>A\u015fa\u011f\u0131da, bu yeniden yap\u0131lanma s\u00fcreci i\u00e7in baz\u0131 stratejik \u00f6neriler sunulmaktad\u0131r\u2026<\/p>\n\n\n\n<p><strong>Geni\u015fletilmi\u015f B\u00f6lgesel Y\u00fcr\u00fctme Kurullar\u0131 toplant\u0131lar\u0131<\/strong><\/p>\n\n\n\n<p>Bu toplant\u0131larda herkesin s\u00f6z alma hakk\u0131 vard\u0131 ve herkes arzu etti\u011fi \u015fekilde, sayg\u0131 s\u0131n\u0131rlar\u0131 i\u00e7inde kalmak ko\u015fulu ile ele\u015ftiride bulunabilirdi. Tart\u0131\u015fmalar hep seviyeli olurdu.<\/p>\n\n\n\n<p>Her \u00fcyenin fikir ve d\u00fc\u015f\u00fcncelerine \u00f6nem veren y\u00f6netim kurullar\u0131m\u0131z, BYK yap\u0131lanmas\u0131 ile sekt\u00f6rdeki demokratik y\u00f6netim anlay\u0131\u015f\u0131n\u0131n temellerini atm\u0131\u015flard\u0131r.<\/p>\n\n\n\n<p>Bu toplant\u0131lar\u0131n bir \u00e7o\u011funa Bakanl\u0131k \u00fcst d\u00fczey b\u00fcrokratlar\u0131 da kat\u0131l\u0131rlar ve g\u00fcndeme g\u00f6re bilgilendirmelerde bulunurlard\u0131. Baz\u0131 Bakanlar\u0131m\u0131z da bu toplant\u0131lar\u0131m\u0131z\u0131 \u015fereflendirmi\u015fti.<\/p>\n\n\n\n<p>A\u00e7\u0131l\u0131\u015f oturumlar\u0131nda, toplant\u0131n\u0131n yap\u0131ld\u0131\u011f\u0131 il ve il\u00e7enin en \u00fcst d\u00fczey (Vali, Belediye Ba\u015fkan\u0131, Ordu Komutan\u0131, \u0130l Turizm M\u00fcd\u00fcr\u00fc vb) muhakkak haz\u0131r bulunurlard\u0131. B\u00f6ylece o b\u00f6lgenin BYK\u2019s\u0131 ev sahibi olarak b\u00fcrokrasi ile de ili\u015fkilerini g\u00fc\u00e7lendirirdi.<\/p>\n\n\n\n<p>Toplant\u0131lar\u0131n ak\u015famlar\u0131 ise tamamen sosyalle\u015fmeye ayr\u0131l\u0131r, g\u00fcn\u00fcn yorgunlu\u011fu ve stresi at\u0131l\u0131r, d\u00f6nemin m\u00fczikleri ile co\u015fulur, e\u011flenilirdi.<\/p>\n\n\n\n<p>D\u00f6nemimizde hi\u00e7bir BYK y\u00f6netimini keyfi olarak g\u00f6revden almad\u0131k, hatta d\u00fc\u015f\u00fcnmedik dahi.<\/p>\n\n\n\n<p>Geni\u015fletilmi\u015f B\u00f6lgesel Y\u00fcr\u00fctme Kurullar\u0131 toplant\u0131lar\u0131n\u0131n bir di\u011fer ad\u0131 da \u201cTurizm Meclisi\u201c idi<\/p>\n\n\n\n<p>14\u201316 Temmuz 1995 tarihleri aras\u0131nda Pamukkale&#8217;deki Richmond Hotel\u2019de ger\u00e7ekle\u015ftirilen \u201cTurizmde Y\u00f6netim ve G\u00fcvenlik\u201d ba\u015fl\u0131kl\u0131 toplant\u0131, turizm sekt\u00f6r\u00fcn\u00fcn kamu, \u00f6zel ve yerel y\u00f6netim temsilcilerini bir araya getirdi.<\/p>\n\n\n\n<p>T\u00dcRSAB, TURTOB ve Turizm Bakanl\u0131\u011f\u0131&#8217;n\u0131n organizasyonunda d\u00fczenlenen bu etkinlikte, \u00f6zellikle g\u00fcvenlik ve y\u00f6neti\u015fim konular\u0131 \u00fczerinde duruldu. Kat\u0131l\u0131mc\u0131lar aras\u0131nda bakanl\u0131k temsilcileri, emniyet g\u00fc\u00e7leri, belediye ba\u015fkanlar\u0131 ve turizm sekt\u00f6r\u00fcn\u00fcn \u00f6nde gelen isimleri yer ald\u0131.<\/p>\n\n\n\n<p>Toplant\u0131n\u0131n ana temas\u0131 \u201ckoordinasyon\u201d kavram\u0131 etraf\u0131nda \u015fekillendi. Sorunlar\u0131n \u00e7\u00f6z\u00fcm\u00fcnde en \u00e7ok tekrar edilen bu kelime, kamu kurumlar\u0131 ile \u00f6zel sekt\u00f6r\u00fcn birlikte hareket etmesinin gereklili\u011fini vurgulad\u0131.<\/p>\n\n\n\n<p>S\u00fcrd\u00fcr\u00fclebilir ve g\u00fcvenli bir turizm y\u00f6netimi i\u00e7in \u00e7ok akt\u00f6rl\u00fc i\u015f birli\u011fi gerekti\u011fi ortaya kondu\u2026<\/p>\n\n\n\n<p><strong>Sekt\u00f6rde birlik \u00e7ok \u00f6nemli<\/strong><\/p>\n\n\n\n<p>1990\u2019l\u0131 y\u0131llar\u0131n sonlar\u0131na gelindi\u011finde, T\u00fcrk turizm sekt\u00f6r\u00fc pek \u00e7ok a\u00e7\u0131dan b\u00fcy\u00fcm\u00fc\u015f ama bir o kadar da da\u011f\u0131n\u0131k hale gelmi\u015fti. Ula\u015f\u0131m, konaklama, yat\u0131r\u0131m, tan\u0131t\u0131m\u2026 Her alan kendi mecras\u0131nda ilerliyor, kamuya kar\u015f\u0131 ise sekt\u00f6r tek sesle konu\u015fam\u0131yordu.<\/p>\n\n\n\n<p>Ben o d\u00f6nem T\u00dcRSAB Ba\u015fkan\u0131yd\u0131m. Saha ger\u00e7e\u011fiyle b\u00fcrokrasinin g\u00fcndemi aras\u0131ndaki kopukluk her ge\u00e7en g\u00fcn daha belirginle\u015fiyordu. Sekt\u00f6rdeki di\u011fer arkada\u015flar\u0131m\u0131zla &#8211; Barlas K\u00fcntay (TYD), Ali G\u00fcreli (T\u00dcROB) ve Salih Ergin (T\u00d6SH\u0130D) &#8211; s\u0131k s\u0131k bu da\u011f\u0131n\u0131kl\u0131\u011f\u0131, kamuya kar\u015f\u0131 yetersiz temsili ve sesimizi duyuramamay\u0131 konu\u015fuyorduk.<\/p>\n\n\n\n<p>Bu konu\u015fmalar zamanla bir fikir olgunla\u015ft\u0131rd\u0131: Ayn\u0131 masa etraf\u0131nda bir araya gelmek. Ortak hedefler koymak. Kamuya kar\u015f\u0131 b\u00fct\u00fcnl\u00fckl\u00fc bir s\u00f6ylem geli\u015ftirmek.<\/p>\n\n\n\n<p>15 Temmuz 1998 g\u00fcn\u00fc, d\u00f6rt b\u00fcy\u00fck sekt\u00f6rel kurulu\u015fun ba\u015fkanlar\u0131 olarak bir araya geldik. Bu bulu\u015fma, uzun s\u00fcredir konu\u015ftu\u011fumuz birlikteli\u011fi somutla\u015ft\u0131rmak i\u00e7in ilk ad\u0131m oldu. O g\u00fcn yap\u0131lan toplant\u0131n\u0131n sonunda hep birlikte imzam\u0131z\u0131 koydu\u011fumuz bir bildirgeyle Turizm \u00d6zel Sekt\u00f6r Konseyi (T\u00d6SEK) kurulmu\u015f oldu.<\/p>\n\n\n\n<p><em>Bug\u00fcn, yurt d\u0131\u015f\u0131ndaki T\u00fcrk turizm alg\u0131s\u0131 h\u00e2l\u00e2 b\u00fcy\u00fck \u00f6l\u00e7\u00fcde hizmet kalitesi \u00fczerinden \u015fekillenmiyor tamamen ucuz \u00fcr\u00fcn imaj\u0131 s\u00fcrd\u00fcr\u00fcl\u00fcyor<\/em><\/p>\n\n\n\n<p><em>Sadece oteller de\u011fil, transfer \u015firketleri, restoranlar, rehberler ve acenteler de bu zincirin halkalar\u0131d\u0131r. Kaliteyi sadece \u2018tesis\u2019te de\u011fil, t\u00fcm temas noktalar\u0131nda g\u00f6rmeliyiz.<\/em><\/p>\n\n\n\n<p><em>Toplam Ya\u015fam Kalitesi Hedefi Yeniden Ele Al\u0131nmal\u0131 ve bir Life Style\/ Ya\u015fam Tarz\u0131 alg\u0131s\u0131 yarat\u0131lmal\u0131d\u0131r. Ku\u015fkusuz modern d\u00fcnya kriterlerini benimseyen T\u00fcrkiye Cumhuriyeti kurulu\u015f ilkelerine (fabrika ayarlar\u0131na) geri d\u00f6n\u00fclmelidir<\/em><\/p>\n\n\n\n<p><em>1998\u2019de ortaya att\u0131\u011f\u0131m\u0131z bu vizyon, bug\u00fcn turizmde s\u00fcrd\u00fcr\u00fclebilir kalk\u0131nma hedefleriyle birebir \u00f6rt\u00fc\u015fmektedir.<\/em><\/p>\n\n\n\n<p><em>Turizm yat\u0131r\u0131mlar\u0131 art\u0131k sadece gelir de\u011fil, ya\u015fam kalitesi katk\u0131s\u0131 a\u00e7\u0131s\u0131ndan da de\u011ferlendirilmelidir. (\u00d6rne\u011fin: karbon sal\u0131n\u0131m\u0131, sosyal etki, yerel ekonomiye katk\u0131 gibi \u00f6l\u00e7\u00fctlerle)<\/em><\/p>\n\n\n\n<p>Sekt\u00f6r kurulu\u015flar\u0131n\u0131n o y\u0131llarda nitelikli, vizyoner kadrolar taraf\u0131ndan y\u00f6netiliyor olmas\u0131 b\u00fcy\u00fck bir avantajd\u0131.<\/p>\n\n\n\n<p>T\u00dcRSAB, TUROB, AKTOB, POYD, \u00d6ZH\u0130D, TYD gibi yap\u0131lar\u0131n her biri kendi alanlar\u0131nda etkin \u00e7al\u0131\u015f\u0131yor; ancak en \u00f6nemlisi, birbirlerinin sorumluluk alanlar\u0131na duyarl\u0131 bi\u00e7imde hareket ediyorlard\u0131.<\/p>\n\n\n\n<p>Her kurumun kendi i\u00e7 toplant\u0131lar\u0131nda, ba\u015fka bir kurulu\u015fun g\u00f6r\u00fc\u015f\u00fcn\u00fc gerektiren bir konu g\u00fcndeme geldi\u011finde, o kurum mutlaka davet edilir ve birlikte \u00e7\u00f6z\u00fcm aran\u0131rd\u0131\u2026<\/p>\n\n\n\n<p>\u2014<\/p>","protected":false},"excerpt":{"rendered":"<p>T\u00dcRSAB\u2019da y\u00f6netici olmak, herhangi bir kurumda y\u00f6netici olman\u0131n \u00f6tesinde, hem ki\u015fisel bir \u00f6zveri hem de toplumsal bir sorumluluk gerektirir. Bu t\u00fcr g\u00f6revler bireyleri, sadece g\u00fcnl\u00fck ya\u015famlar\u0131nda de\u011fil, vicdanlar\u0131nda da s\u00fcrekli bir muhasebe i\u00e7inde b\u0131rak\u0131r. \u0130nsan, y\u00fck\u00fcmlendi\u011fi sorumluluklar\u0131n a\u011f\u0131rl\u0131\u011f\u0131n\u0131 ta\u015f\u0131rken bir yandan da i\u00e7inde bulundu\u011fu kuruma ve sekt\u00f6re de\u011fer katma \u00e7abas\u0131yla hareket eder. Belki de bu [&hellip;]<\/p>","protected":false},"author":1,"featured_media":0,"comment_status":"open","ping_status":"open","sticky":false,"template":"","format":"standard","meta":{"_jetpack_memberships_contains_paid_content":false,"footnotes":""},"categories":[1],"tags":[],"class_list":["post-365","post","type-post","status-publish","format-standard","hentry","category-genel"],"jetpack_featured_media_url":"","jetpack_sharing_enabled":true,"_links":{"self":[{"href":"https:\/\/talhacamas.com.tr\/en\/wp-json\/wp\/v2\/posts\/365","targetHints":{"allow":["GET"]}}],"collection":[{"href":"https:\/\/talhacamas.com.tr\/en\/wp-json\/wp\/v2\/posts"}],"about":[{"href":"https:\/\/talhacamas.com.tr\/en\/wp-json\/wp\/v2\/types\/post"}],"author":[{"embeddable":true,"href":"https:\/\/talhacamas.com.tr\/en\/wp-json\/wp\/v2\/users\/1"}],"replies":[{"embeddable":true,"href":"https:\/\/talhacamas.com.tr\/en\/wp-json\/wp\/v2\/comments?post=365"}],"version-history":[{"count":1,"href":"https:\/\/talhacamas.com.tr\/en\/wp-json\/wp\/v2\/posts\/365\/revisions"}],"predecessor-version":[{"id":366,"href":"https:\/\/talhacamas.com.tr\/en\/wp-json\/wp\/v2\/posts\/365\/revisions\/366"}],"wp:attachment":[{"href":"https:\/\/talhacamas.com.tr\/en\/wp-json\/wp\/v2\/media?parent=365"}],"wp:term":[{"taxonomy":"category","embeddable":true,"href":"https:\/\/talhacamas.com.tr\/en\/wp-json\/wp\/v2\/categories?post=365"},{"taxonomy":"post_tag","embeddable":true,"href":"https:\/\/talhacamas.com.tr\/en\/wp-json\/wp\/v2\/tags?post=365"}],"curies":[{"name":"wp","href":"https:\/\/api.w.org\/{rel}","templated":true}]}}