{"id":1,"date":"2025-11-03T21:29:30","date_gmt":"2025-11-03T18:29:30","guid":{"rendered":"https:\/\/talhacamas.com.tr\/?p=1"},"modified":"2025-11-10T03:38:50","modified_gmt":"2025-11-10T00:38:50","slug":"pusula-neden","status":"publish","type":"post","link":"https:\/\/talhacamas.com.tr\/en\/2025\/11\/03\/pusula-neden\/","title":{"rendered":"Bu kitap neden yaz\u0131ld\u0131?"},"content":{"rendered":"<p><strong>Bu kitap neden yaz\u0131ld\u0131, kimin i\u00e7in yaz\u0131ld\u0131?<\/strong><br>Baz\u0131 d\u00f6nemler vard\u0131r; rakamlar anlatamaz.<br>Grafikler a\u00e7\u0131klayamaz.<br>Sadece ya\u015fayanlar bilir.<br><br>1990\u2019lar, T\u00fcrkiye i\u00e7in siyasi, ekonomik ve toplumsal dalgalanmalar\u0131n i\u00e7 i\u00e7e ge\u00e7ti\u011fi, k\u0131r\u0131lgan ve karma\u015f\u0131k bir on y\u0131ld\u0131. Turizm sekt\u00f6r\u00fc, t\u00fcm bu \u00e7alkant\u0131l\u0131 ortam\u0131n tam merkezindeydi. Bir yandan umut vadeden yat\u0131r\u0131mlar yap\u0131l\u0131rken \u00f6te yandan her y\u0131l ba\u015fka bir kriz kap\u0131y\u0131 \u00e7al\u0131yordu. K\u00f6rfez Sava\u015f\u0131, ter\u00f6r dalgas\u0131, siyasi belirsizlikler, deval\u00fcasyonlar, d\u0131\u015f bas\u0131nda y\u00fcr\u00fct\u00fclen karalama kampanyalar\u0131 ve en sonunda 1999\u2019da ya\u015fanan geli\u015fmeler.<br>\u0130\u015fte biz bu kitab\u0131, t\u00fcm bu sert dalgalar\u0131n ortas\u0131nda dimdik ayakta durmaya \u00e7al\u0131\u015fan insanlar\u0131n eme\u011fini, al\u0131n terini, inanc\u0131n\u0131 ve direncini kayda ge\u00e7irmek i\u00e7in yazd\u0131k.<br>Bu kitap, sadece ne yapt\u0131\u011f\u0131m\u0131z\u0131 de\u011fil, neden ve nas\u0131l yapt\u0131\u011f\u0131m\u0131z\u0131 da anlat\u0131yor.<br>Kolay de\u011fildi.<br>\u00c7ok ki\u015fi yoruldu.<br>\u00c7ok kurum fire verdi.<br>Ama y\u0131lmad\u0131k.<br>\u00c7\u00fcnk\u00fc pes etmek, bu \u00fclkeye, bu sekt\u00f6re, bu eme\u011fe ihanet olurdu.<br><br>Her y\u0131l yeni bir krizle sars\u0131ld\u0131k ama her y\u0131l yeni bir \u00e7\u0131k\u0131\u015f yolu bulduk.<br>Neredeyse her y\u0131l, artan turist say\u0131s\u0131 ve y\u00fckselen d\u00f6viz geliriyle, d\u00fcnyan\u0131n \u015fa\u015fk\u0131n bak\u0131\u015flar\u0131 aras\u0131nda \u00fclkemizin turizmini ayakta tuttuk.<br>Bunu bazen tek ba\u015f\u0131m\u0131za ama \u00e7o\u011fu zaman da birlikte ba\u015fard\u0131k.<br>Devletle, sekt\u00f6rle, meslek \u00f6rg\u00fctleriyle, hatta bazen rakip sand\u0131klar\u0131m\u0131zla omuz omuza vererek&#8230;<br>Bu kitap, yaln\u0131zca ge\u00e7mi\u015fi anlatmak amac\u0131yla yaz\u0131lmad\u0131.<br>Benzer m\u00fccadelelerin i\u00e7inde yer alacaklara, ge\u00e7mi\u015fte krizlerin nas\u0131l a\u015f\u0131ld\u0131\u011f\u0131n\u0131 anlatan, ba\u015far\u0131ya giden yollar\u0131 g\u00f6steren ve onlar\u0131n i\u015flerini kolayla\u015ft\u0131ran bir \u201cpusula\u201d olmas\u0131 murat edildi.<br>Bu kitap \u00f6zellikle, T\u00dcRSAB gibi b\u00fcy\u00fck bir yap\u0131y\u0131 y\u00f6netecek olanlara bir strateji fikri, bir yol haritas\u0131d\u0131r.<br>Ve bu kitap, her \u015feyden \u00f6nce, bir eme\u011fin manevi kar\u015f\u0131l\u0131\u011f\u0131d\u0131r.<br>Bu kitap, bir g\u00fcn biri d\u00f6n\u00fcp \u201cNas\u0131l ba\u015fard\u0131lar?\u201d diye sordu\u011funda, o soru cevaps\u0131z kalmas\u0131n diyedir.<br>Bug\u00fcn T\u00fcrkiye, turizmde rekorlar\u0131 konu\u015fuyorsa, o rekorlar\u0131n arkas\u0131nda g\u00f6r\u00fcnmeyen eller, s\u00f6ylenmeyen s\u00f6zler, yaz\u0131lmayan hik\u00e2yeler vard\u0131r<br>\u0130\u015fte bu kitap, o hik\u00e2yelerden biridir.<br>T\u00dcRSAB\u2019da y\u00f6netici olmak, herhangi bir kurumda y\u00f6netici olman\u0131n \u00f6tesinde, hem ki\u015fisel bir \u00f6zveri hem de toplumsal bir sorumluluk gerektirir.<br>Bu t\u00fcr g\u00f6revler bireyleri, sadece g\u00fcnl\u00fck ya\u015famlar\u0131nda de\u011fil, vicdanlar\u0131nda da s\u00fcrekli bir muhasebe i\u00e7inde b\u0131rak\u0131r.<br>\u0130nsan, y\u00fck\u00fcmlendi\u011fi sorumluluklar\u0131n a\u011f\u0131rl\u0131\u011f\u0131n\u0131 ta\u015f\u0131rken bir yandan da i\u00e7inde bulundu\u011fu kuruma ve sekt\u00f6re de\u011fer katma \u00e7abas\u0131yla hareket eder. Belki de bu y\u00fczden, bu g\u00f6revlerin zorlu\u011fu kadar anlam\u0131 da b\u00fcy\u00fckt\u00fcr.<br>Elinizde tuttu\u011funuz bu kitap, y\u0131llar s\u00fcren bir birikimin, g\u00f6zlemin ve tecr\u00fcbenin bir yans\u0131mas\u0131 olarak kaleme al\u0131nd\u0131. Bir d\u00f6nem Genel Sekreterlik, \u00fc\u00e7 d\u00f6nem T\u00dcRSAB Ba\u015fkanl\u0131\u011f\u0131 yapm\u0131\u015f biri olarak, bu kitab\u0131 bir hesap verme ya da hat\u0131ralar derlemesi olarak de\u011fil, daha \u00e7ok bir mesleki de\u011ferlendirme ve fikir payla\u015f\u0131m\u0131 amac\u0131yla kaleme ald\u0131m. Kitab\u0131n amac\u0131: sadece yap\u0131lanlar\u0131 de\u011fil, \u00f6\u011frenilenleri ve hissedilenleri de aktarmakt\u0131r.<br>Bu kitap, turizm sekt\u00f6r\u00fcn\u00fcn ge\u00e7irdi\u011fi de\u011fi\u015fim s\u00fcrecini anlamaya \u00e7al\u0131\u015fan bir g\u00f6zle yaz\u0131ld\u0131.<br>Sekt\u00f6r\u00fcn ya\u015fad\u0131\u011f\u0131 yap\u0131sal d\u00f6n\u00fc\u015f\u00fcm, yaln\u0131zca rakamlarda de\u011fil, ayn\u0131 zamanda k\u00fclt\u00fcrel anlay\u0131\u015flarda, y\u00f6neti\u015fim bi\u00e7imlerinde ve toplumsal alg\u0131larda da kendini g\u00f6steriyor. Bu d\u00f6n\u00fc\u015f\u00fcm i\u00e7inde yer almak ve buna tan\u0131kl\u0131k etmek, hem sorumluluk hem de \u00f6nemli bir f\u0131rsatt\u0131r.<br>T\u00dcRSAB Ba\u015fkanl\u0131\u011f\u0131m d\u00f6neminde yaln\u0131zca kendi g\u00f6r\u00fc\u015flerime de\u011fil, sekt\u00f6r\u00fcn genel y\u00f6nelimlerine de kulak vererek hareket etmeye \u00e7al\u0131\u015ft\u0131m.\u00a0 Bu kitapta yer alan metinlerin b\u00fcy\u00fck b\u00f6l\u00fcm\u00fc, \u00e7e\u015fitli toplant\u0131larda dile getirilmi\u015f, sekt\u00f6re dair pek \u00e7ok konu\u015fman\u0131n ard\u0131ndan \u015fekillenmi\u015ftir. Dolay\u0131s\u0131yla i\u00e7erik, ki\u015fisel bir anlat\u0131n\u0131n \u00e7ok \u00f6tesinde, sekt\u00f6rel belle\u011fe katk\u0131 sunma amac\u0131n\u0131 ta\u015f\u0131r.<br>Ayr\u0131ca, bu kitab\u0131n mesleki haf\u0131zaya katk\u0131 sunmas\u0131n\u0131 ve gelecekte sekt\u00f6rde g\u00f6rev alacak ki\u015filere bir perspektif kazand\u0131rmas\u0131n\u0131 umut ediyorum. Bu sat\u0131rlar, sadece bir d\u00f6nemin tan\u0131kl\u0131\u011f\u0131 de\u011fil; ayn\u0131 zamanda bir vefa duygusunun, bir te\u015fekk\u00fcr\u00fcn ve bir payla\u015f\u0131m arzusunun \u00fcr\u00fcn\u00fcd\u00fcr<br>Bu yo\u011fun s\u00fcre\u00e7te bana hep destek olan T\u00dcRSAB Y\u00f6netim Kurulu \u00fcyesi arkada\u015flar\u0131ma, 8 y\u0131l boyunca birlikte \u00e7ok i\u015fler ba\u015fard\u0131\u011f\u0131m\u0131z \u0130lker \u00dcNSEVER\u2019e \u00a0 merhum Fehmi K\u00d6FTEO\u011eLU\u2019na ve Halim BULUTO\u011eLU\u2019na,\u00a0 T\u00dcRSAB\u2019da\u00a0 birlikte \u00e7al\u0131\u015fmaktan mutlu oldu\u011fum de\u011ferli kurum \u00e7al\u0131\u015fanlar\u0131na \u015f\u00fckranlar\u0131m\u0131 belirtmek istiyorum.<br>Ama \u00f6zeliklle sabr\u0131yla ve benden ald\u0131\u011f\u0131 \u015firket y\u00f6netimi sorumlulu\u011fun a\u011f\u0131rl\u0131\u011f\u0131 ile her zaman yan\u0131mda olan, olmasayd\u0131 bu g\u00f6revleri hi\u00e7bir zaman y\u00fcklenemeyece\u011fim e\u015fim \u0130lknur\u2019a ve orta\u011f\u0131m Kaya \u00dcR\u00dcN\u2019e i\u00e7ten\u00a0 \u015f\u00fckran duygular\u0131m\u0131 bir kez daha ifade etmek istiyorum.<br><br>Memnun Talha \u00c7ama\u015f \/ \u0130stanbul-2025<\/p>\n\n\n\n<p><\/p>","protected":false},"excerpt":{"rendered":"<p>Bu kitap neden yaz\u0131ld\u0131, kimin i\u00e7in yaz\u0131ld\u0131?Baz\u0131 d\u00f6nemler vard\u0131r; rakamlar anlatamaz.Grafikler a\u00e7\u0131klayamaz.Sadece ya\u015fayanlar bilir. 1990\u2019lar, T\u00fcrkiye i\u00e7in siyasi, ekonomik ve toplumsal dalgalanmalar\u0131n i\u00e7 i\u00e7e ge\u00e7ti\u011fi, k\u0131r\u0131lgan ve karma\u015f\u0131k bir on y\u0131ld\u0131. Turizm sekt\u00f6r\u00fc, t\u00fcm bu \u00e7alkant\u0131l\u0131 ortam\u0131n tam merkezindeydi. Bir yandan umut vadeden yat\u0131r\u0131mlar yap\u0131l\u0131rken \u00f6te yandan her y\u0131l ba\u015fka bir kriz kap\u0131y\u0131 \u00e7al\u0131yordu. K\u00f6rfez [&hellip;]<\/p>","protected":false},"author":1,"featured_media":0,"comment_status":"open","ping_status":"open","sticky":false,"template":"","format":"standard","meta":{"_jetpack_memberships_contains_paid_content":false,"footnotes":""},"categories":[1],"tags":[],"class_list":["post-1","post","type-post","status-publish","format-standard","hentry","category-genel"],"jetpack_featured_media_url":"","jetpack_sharing_enabled":true,"_links":{"self":[{"href":"https:\/\/talhacamas.com.tr\/en\/wp-json\/wp\/v2\/posts\/1","targetHints":{"allow":["GET"]}}],"collection":[{"href":"https:\/\/talhacamas.com.tr\/en\/wp-json\/wp\/v2\/posts"}],"about":[{"href":"https:\/\/talhacamas.com.tr\/en\/wp-json\/wp\/v2\/types\/post"}],"author":[{"embeddable":true,"href":"https:\/\/talhacamas.com.tr\/en\/wp-json\/wp\/v2\/users\/1"}],"replies":[{"embeddable":true,"href":"https:\/\/talhacamas.com.tr\/en\/wp-json\/wp\/v2\/comments?post=1"}],"version-history":[{"count":1,"href":"https:\/\/talhacamas.com.tr\/en\/wp-json\/wp\/v2\/posts\/1\/revisions"}],"predecessor-version":[{"id":315,"href":"https:\/\/talhacamas.com.tr\/en\/wp-json\/wp\/v2\/posts\/1\/revisions\/315"}],"wp:attachment":[{"href":"https:\/\/talhacamas.com.tr\/en\/wp-json\/wp\/v2\/media?parent=1"}],"wp:term":[{"taxonomy":"category","embeddable":true,"href":"https:\/\/talhacamas.com.tr\/en\/wp-json\/wp\/v2\/categories?post=1"},{"taxonomy":"post_tag","embeddable":true,"href":"https:\/\/talhacamas.com.tr\/en\/wp-json\/wp\/v2\/tags?post=1"}],"curies":[{"name":"wp","href":"https:\/\/api.w.org\/{rel}","templated":true}]}}